{"id":18553,"date":"2019-11-14T13:33:05","date_gmt":"2019-11-14T15:33:05","guid":{"rendered":"https:\/\/www.delioandrade.com.br\/?p=18553"},"modified":"2019-11-14T13:33:05","modified_gmt":"2019-11-14T15:33:05","slug":"telma-rufino-e-a-primeira-administradora-de-arniqueira","status":"publish","type":"post","link":"https:\/\/dancabrasilia.com.br\/danca\/telma-rufino-e-a-primeira-administradora-de-arniqueira\/","title":{"rendered":"Telma Rufino \u00e9 a PRIMEIRA administradora de Arniqueira"},"content":{"rendered":"<p style=\"padding-left: 40px;\">Conforme publicou em primeira m\u00e3o nesta coluna e agora oficializado\u00a0 pela edi\u00e7\u00e3o suplementar\u00a0do DODF de 13 de novembro, a deputada distrital , Telma Rufino \u00e9 a Primeira\u00a0 Administradora Regional da\u00a0 33\u00aa\u00a0 regi\u00e3o administrativa de Arniqueira.<\/p>\n<div><\/div>\n<div>Confira a Publica\u00e7\u00e3o<a href=\"https:\/\/www.delioandrade.com.br\/wp-content\/uploads\/2019\/11\/12-28-26-20191114143919.jpg\"><img loading=\"lazy\" decoding=\"async\" class=\"alignnone size-full wp-image-18554\" src=\"https:\/\/www.delioandrade.com.br\/wp-content\/uploads\/2019\/11\/12-28-26-20191114143919.jpg\" alt=\"\" width=\"610\" height=\"458\" srcset=\"https:\/\/dancabrasilia.com.br\/danca\/wp-content\/uploads\/2019\/11\/12-28-26-20191114143919.jpg 610w, https:\/\/dancabrasilia.com.br\/danca\/wp-content\/uploads\/2019\/11\/12-28-26-20191114143919-300x225.jpg 300w, https:\/\/dancabrasilia.com.br\/danca\/wp-content\/uploads\/2019\/11\/12-28-26-20191114143919-80x60.jpg 80w, https:\/\/dancabrasilia.com.br\/danca\/wp-content\/uploads\/2019\/11\/12-28-26-20191114143919-265x198.jpg 265w, https:\/\/dancabrasilia.com.br\/danca\/wp-content\/uploads\/2019\/11\/12-28-26-20191114143919-559x420.jpg 559w\" sizes=\"auto, (max-width: 610px) 100vw, 610px\" \/><\/a><\/div>\n","protected":false},"excerpt":{"rendered":"<p>Conforme publicou em primeira m\u00e3o nesta coluna e agora oficializado\u00a0 pela edi\u00e7\u00e3o suplementar\u00a0do DODF de 13 de novembro, a deputada distrital , Telma Rufino \u00e9 a Primeira\u00a0 Administradora Regional da\u00a0 33\u00aa\u00a0 regi\u00e3o administrativa de Arniqueira. Confira a Publica\u00e7\u00e3o<\/p>\n","protected":false},"author":1,"featured_media":17928,"comment_status":"open","ping_status":"open","sticky":false,"template":"","format":"standard","meta":{"tdm_status":"","tdm_grid_status":"","footnotes":""},"categories":[284],"tags":[],"class_list":{"0":"post-18553","1":"post","2":"type-post","3":"status-publish","4":"format-standard","5":"has-post-thumbnail","7":"category-delio-andrade"},"amp_enabled":true,"_links":{"self":[{"href":"https:\/\/dancabrasilia.com.br\/danca\/wp-json\/wp\/v2\/posts\/18553","targetHints":{"allow":["GET"]}}],"collection":[{"href":"https:\/\/dancabrasilia.com.br\/danca\/wp-json\/wp\/v2\/posts"}],"about":[{"href":"https:\/\/dancabrasilia.com.br\/danca\/wp-json\/wp\/v2\/types\/post"}],"author":[{"embeddable":true,"href":"https:\/\/dancabrasilia.com.br\/danca\/wp-json\/wp\/v2\/users\/1"}],"replies":[{"embeddable":true,"href":"https:\/\/dancabrasilia.com.br\/danca\/wp-json\/wp\/v2\/comments?post=18553"}],"version-history":[{"count":0,"href":"https:\/\/dancabrasilia.com.br\/danca\/wp-json\/wp\/v2\/posts\/18553\/revisions"}],"wp:featuredmedia":[{"embeddable":true,"href":"https:\/\/dancabrasilia.com.br\/danca\/wp-json\/wp\/v2\/media\/17928"}],"wp:attachment":[{"href":"https:\/\/dancabrasilia.com.br\/danca\/wp-json\/wp\/v2\/media?parent=18553"}],"wp:term":[{"taxonomy":"category","embeddable":true,"href":"https:\/\/dancabrasilia.com.br\/danca\/wp-json\/wp\/v2\/categories?post=18553"},{"taxonomy":"post_tag","embeddable":true,"href":"https:\/\/dancabrasilia.com.br\/danca\/wp-json\/wp\/v2\/tags?post=18553"}],"curies":[{"name":"wp","href":"https:\/\/api.w.org\/{rel}","templated":true}]}}