{"id":18550,"date":"2019-11-12T16:52:17","date_gmt":"2019-11-12T18:52:17","guid":{"rendered":"https:\/\/www.delioandrade.com.br\/?p=18550"},"modified":"2019-11-12T16:52:17","modified_gmt":"2019-11-12T18:52:17","slug":"moradores-de-vicente-pires-protestam-contra-demora-nas-obras","status":"publish","type":"post","link":"https:\/\/dancabrasilia.com.br\/danca\/moradores-de-vicente-pires-protestam-contra-demora-nas-obras\/","title":{"rendered":"Moradores de Vicente Pires protestam contra demora nas obras"},"content":{"rendered":"<p>Cerca de 20 pessoas fizeram manifesta\u00e7\u00e3o na\u00a0Rua 7\u00a0de\u00a0Vicente Pires\u00a0na manh\u00e3 desta segunda-feira (11\/11\/2019). De acordo com a\u00a0<a href=\"http:\/\/www.pmdf.df.gov.br\/\" target=\"_blank\" rel=\"nofollow noopener noreferrer\">Pol\u00edcia Militar<\/a>, os moradores reclamaram da demora das obras na cidade. O Batalh\u00e3o de Choque da corpora\u00e7\u00e3o foi acionado e acompanhou o ato, que seguiu pac\u00edfico e causou congestionamento nas\u00a0vias internas da regi\u00e3o.<\/p>\n<p>A rua \u00e9 uma das mais cr\u00edticas. Com a chegada das chuvas, os moradores se preparam para passar novos transtornos. A regi\u00e3o estava entre as priorit\u00e1rias para o Governo do Distrito Federal. As obras come\u00e7aram em julho. Segundo o Executivo local, ser\u00e3o investidos R$ 24 milh\u00f5es na \u00e1rea.<\/p>\n<p>A previs\u00e3o de conclus\u00e3o seria de quatro meses. Do total a ser aplicado, 95% s\u00e3o da Caixa Econ\u00f4mica Federal, e 5%, recursos do DF. O plano \u00e9 executar 4,35 km de drenagem; 18,15 km de pavimenta\u00e7\u00e3o; 36,29 km de meio-fio; e 82 mil m\u00b2 de cal\u00e7adas.<\/p>\n<p>&nbsp;<\/p>\n","protected":false},"excerpt":{"rendered":"<p>Cerca de 20 pessoas fizeram manifesta\u00e7\u00e3o na\u00a0Rua 7\u00a0de\u00a0Vicente Pires\u00a0na manh\u00e3 desta segunda-feira (11\/11\/2019). De acordo com a\u00a0Pol\u00edcia Militar, os moradores reclamaram da demora das obras na cidade. O Batalh\u00e3o de Choque da corpora\u00e7\u00e3o foi acionado e acompanhou o ato, que seguiu pac\u00edfico e causou congestionamento nas\u00a0vias internas da regi\u00e3o. A rua \u00e9 uma das mais [&hellip;]<\/p>\n","protected":false},"author":1,"featured_media":18551,"comment_status":"open","ping_status":"open","sticky":false,"template":"","format":"standard","meta":{"tdm_status":"","tdm_grid_status":"","footnotes":""},"categories":[276,289,283],"tags":[747,746,745,393,377],"class_list":{"0":"post-18550","1":"post","2":"type-post","3":"status-publish","4":"format-standard","5":"has-post-thumbnail","7":"category-destaque","8":"category-distrito-federal","9":"category-politica","10":"tag-buracos","11":"tag-manifestacao","12":"tag-obras","13":"tag-pmdf","14":"tag-vicente-pires"},"amp_enabled":true,"_links":{"self":[{"href":"https:\/\/dancabrasilia.com.br\/danca\/wp-json\/wp\/v2\/posts\/18550","targetHints":{"allow":["GET"]}}],"collection":[{"href":"https:\/\/dancabrasilia.com.br\/danca\/wp-json\/wp\/v2\/posts"}],"about":[{"href":"https:\/\/dancabrasilia.com.br\/danca\/wp-json\/wp\/v2\/types\/post"}],"author":[{"embeddable":true,"href":"https:\/\/dancabrasilia.com.br\/danca\/wp-json\/wp\/v2\/users\/1"}],"replies":[{"embeddable":true,"href":"https:\/\/dancabrasilia.com.br\/danca\/wp-json\/wp\/v2\/comments?post=18550"}],"version-history":[{"count":0,"href":"https:\/\/dancabrasilia.com.br\/danca\/wp-json\/wp\/v2\/posts\/18550\/revisions"}],"wp:featuredmedia":[{"embeddable":true,"href":"https:\/\/dancabrasilia.com.br\/danca\/wp-json\/wp\/v2\/media\/18551"}],"wp:attachment":[{"href":"https:\/\/dancabrasilia.com.br\/danca\/wp-json\/wp\/v2\/media?parent=18550"}],"wp:term":[{"taxonomy":"category","embeddable":true,"href":"https:\/\/dancabrasilia.com.br\/danca\/wp-json\/wp\/v2\/categories?post=18550"},{"taxonomy":"post_tag","embeddable":true,"href":"https:\/\/dancabrasilia.com.br\/danca\/wp-json\/wp\/v2\/tags?post=18550"}],"curies":[{"name":"wp","href":"https:\/\/api.w.org\/{rel}","templated":true}]}}